{"id":2939,"date":"2023-10-30T16:17:49","date_gmt":"2023-10-30T15:17:49","guid":{"rendered":"https:\/\/dirittoeconomiacircolare.com\/?p=2939"},"modified":"2026-04-20T16:20:44","modified_gmt":"2026-04-20T14:20:44","slug":"tar-toscana-sez-ii-30-ottobre-2023-n-986","status":"publish","type":"post","link":"https:\/\/dirittoeconomiacircolare.com\/en\/2023\/10\/30\/tar-toscana-sez-ii-30-ottobre-2023-n-986\/","title":{"rendered":"TAR Toscana, Sec. II, October 30 2023, n. 986"},"content":{"rendered":"<div class=\"wp-block-post-author-name has-medium-font-size has-text-align-center\"><a href=\"https:\/\/dirittoeconomiacircolare.com\/en\/author\/lorenzoferretti19\/\" target=\"_self\" class=\"wp-block-post-author-name__link\">Lorenzo Ferretti<\/a><\/div>\n\n\n<p class=\"has-text-align-justify wp-block-paragraph\"><em>Sulla discrezionalit\u00e0 dell&#8217;autorit\u00e0 competente in sede di AIA e sulla fissazione di limiti di emissione in assenza di BAT specifiche.<\/em><\/p>\n\n\n\n<p class=\"has-text-align-justify wp-block-paragraph\">Nell\u2019ambito dell\u2019Autorizzazione Integrata Ambientale l\u2019amministrazione pu\u00f2 fissare limiti di emissione e prescrizioni ambientali anche in assenza di specifiche Best Available Techniques relative alla sostanza considerata, esercitando la propria discrezionalit\u00e0 tecnica sulla base dei criteri previsti dalla normativa ambientale e tenendo conto delle caratteristiche del corpo idrico recettore e delle potenziali pressioni ambientali cumulative. La sentenza esamina il ricorso proposto da una societ\u00e0 operante nel settore cartario avverso il provvedimento regionale che, nell\u2019aggiornare l\u2019AIA dell\u2019impianto, aveva consentito temporaneamente un limite pi\u00f9 elevato di concentrazione di boro nei reflui industriali scaricati in acque superficiali, stabilendo tuttavia che tale deroga al limite tabellare fosse valida solo per un anno e imponendo specifiche prescrizioni di monitoraggio e sperimentazione di soluzioni tecniche per l\u2019abbattimento dell\u2019inquinante. Il TAR respinge il ricorso ritenendo legittima la scelta dell\u2019amministrazione, evidenziando che la valutazione compiuta in sede di AIA \u00e8 autonoma rispetto a quella effettuata nella precedente procedura di VIA e che, in assenza di tecniche disponibili specifiche per il parametro considerato, l\u2019autorit\u00e0 competente pu\u00f2 stabilire condizioni autorizzative e limiti temporanei pi\u00f9 restrittivi al fine di garantire un elevato livello di protezione dell\u2019ambiente e prevenire ulteriori pressioni sui corpi idrici recettori.<\/p>\n\n\n\n<div class=\"wp-block-buttons is-content-justification-center is-layout-flex wp-container-core-buttons-is-layout-34f9bd81 wp-block-buttons-is-layout-flex\">\n<div class=\"wp-block-button\"><a class=\"wp-block-button__link wp-element-button\" href=\"https:\/\/mdp.giustizia-amministrativa.it\/visualizza\/?nodeRef=&amp;schema=tar_fi&amp;nrg=202300317&amp;nomeFile=202300986_01.html&amp;subDir=Provvedimenti\">Read the judgement<\/a><\/div>\n<\/div>\n\n\n\n<p class=\"wp-block-paragraph\"><\/p>","protected":false},"excerpt":{"rendered":"<p>Sulla discrezionalit\u00e0 dell&#8217;autorit\u00e0 competente in sede di AIA e sulla fissazione di limiti di emissione in assenza di BAT specifiche.<\/p>","protected":false},"author":276880108,"featured_media":0,"comment_status":"closed","ping_status":"open","sticky":false,"template":"","format":"standard","meta":{"_crdt_document":"","_EventAllDay":false,"_EventTimezone":"","_EventStartDate":"","_EventEndDate":"","_EventStartDateUTC":"","_EventEndDateUTC":"","_EventShowMap":false,"_EventShowMapLink":false,"_EventURL":"","_EventCost":"","_EventCostDescription":"","_EventCurrencySymbol":"","_EventCurrencyCode":"","_EventCurrencyPosition":"","_EventDateTimeSeparator":"","_EventTimeRangeSeparator":"","_EventOrganizerID":[],"_EventVenueID":[],"_OrganizerEmail":"","_OrganizerPhone":"","_OrganizerWebsite":"","_VenueAddress":"","_VenueCity":"","_VenueCountry":"","_VenueProvince":"","_VenueState":"","_VenueZip":"","_VenuePhone":"","_VenueURL":"","_VenueStateProvince":"","_VenueLat":"","_VenueLng":"","_VenueShowMap":false,"_VenueShowMapLink":false,"_jetpack_newsletter_access":"","_jetpack_dont_email_post_to_subs":false,"_jetpack_newsletter_tier_id":0,"_jetpack_memberships_contains_paywalled_content":false,"_jetpack_memberships_contains_paid_content":false,"footnotes":"","jetpack_post_was_ever_published":false},"categories":[688637404,688637399],"tags":[688637593,688637437],"class_list":["post-2939","post","type-post","status-publish","format-standard","hentry","category-giurisprudenza-nazionale","category-osservatorio","tag-688637593","tag-prevenzione"],"yoast_head":"<!-- This site is optimized with the Yoast SEO plugin v27.4 - https:\/\/yoast.com\/product\/yoast-seo-wordpress\/ -->\n<title>TAR Toscana, Sez. II, 30 ottobre 2023, n. 986 - Diritto dell&#039;economia circolare<\/title>\n<meta name=\"robots\" content=\"index, follow, max-snippet:-1, max-image-preview:large, max-video-preview:-1\" \/>\n<link rel=\"canonical\" href=\"https:\/\/dirittoeconomiacircolare.com\/en\/2023\/10\/30\/tar-toscana-sez-ii-30-ottobre-2023-n-986\/\" \/>\n<meta property=\"og:locale\" content=\"en_GB\" \/>\n<meta property=\"og:type\" content=\"article\" \/>\n<meta property=\"og:title\" content=\"TAR Toscana, Sez. II, 30 ottobre 2023, n. 986 - Diritto dell&#039;economia circolare\" \/>\n<meta property=\"og:description\" content=\"Sulla discrezionalit\u00e0 dell&#039;autorit\u00e0 competente in sede di AIA e sulla fissazione di limiti di emissione in assenza di BAT specifiche.\" \/>\n<meta property=\"og:url\" content=\"https:\/\/dirittoeconomiacircolare.com\/en\/2023\/10\/30\/tar-toscana-sez-ii-30-ottobre-2023-n-986\/\" \/>\n<meta property=\"og:site_name\" content=\"Diritto dell&#039;economia circolare\" \/>\n<meta property=\"article:published_time\" content=\"2023-10-30T15:17:49+00:00\" \/>\n<meta property=\"article:modified_time\" content=\"2026-04-20T14:20:44+00:00\" \/>\n<meta name=\"author\" content=\"Lorenzo Ferretti\" \/>\n<meta name=\"twitter:card\" content=\"summary_large_image\" \/>\n<meta name=\"twitter:label1\" content=\"Written by\" \/>\n\t<meta name=\"twitter:data1\" content=\"Lorenzo Ferretti\" \/>\n\t<meta name=\"twitter:label2\" content=\"Estimated reading time\" \/>\n\t<meta name=\"twitter:data2\" content=\"2 minutes\" \/>\n<script type=\"application\/ld+json\" class=\"yoast-schema-graph\">{\"@context\":\"https:\\\/\\\/schema.org\",\"@graph\":[{\"@type\":\"Article\",\"@id\":\"https:\\\/\\\/dirittoeconomiacircolare.com\\\/2023\\\/10\\\/30\\\/tar-toscana-sez-ii-30-ottobre-2023-n-986\\\/#article\",\"isPartOf\":{\"@id\":\"https:\\\/\\\/dirittoeconomiacircolare.com\\\/2023\\\/10\\\/30\\\/tar-toscana-sez-ii-30-ottobre-2023-n-986\\\/\"},\"author\":{\"name\":\"Lorenzo Ferretti\",\"@id\":\"https:\\\/\\\/dirittoeconomiacircolare.com\\\/#\\\/schema\\\/person\\\/fb872d1f40da2ef8edd7cc0b3c8e615c\"},\"headline\":\"TAR Toscana, Sez. II, 30 ottobre 2023, n. 986\",\"datePublished\":\"2023-10-30T15:17:49+00:00\",\"dateModified\":\"2026-04-20T14:20:44+00:00\",\"mainEntityOfPage\":{\"@id\":\"https:\\\/\\\/dirittoeconomiacircolare.com\\\/2023\\\/10\\\/30\\\/tar-toscana-sez-ii-30-ottobre-2023-n-986\\\/\"},\"wordCount\":231,\"publisher\":{\"@id\":\"https:\\\/\\\/dirittoeconomiacircolare.com\\\/#organization\"},\"keywords\":[\"2023\",\"Prevenzione\"],\"articleSection\":[\"Giurisprudenza nazionale\",\"Osservatorio\"],\"inLanguage\":\"en-GB\"},{\"@type\":\"WebPage\",\"@id\":\"https:\\\/\\\/dirittoeconomiacircolare.com\\\/2023\\\/10\\\/30\\\/tar-toscana-sez-ii-30-ottobre-2023-n-986\\\/\",\"url\":\"https:\\\/\\\/dirittoeconomiacircolare.com\\\/2023\\\/10\\\/30\\\/tar-toscana-sez-ii-30-ottobre-2023-n-986\\\/\",\"name\":\"TAR Toscana, Sez. II, 30 ottobre 2023, n. 986 - Diritto dell&#039;economia circolare\",\"isPartOf\":{\"@id\":\"https:\\\/\\\/dirittoeconomiacircolare.com\\\/#website\"},\"datePublished\":\"2023-10-30T15:17:49+00:00\",\"dateModified\":\"2026-04-20T14:20:44+00:00\",\"breadcrumb\":{\"@id\":\"https:\\\/\\\/dirittoeconomiacircolare.com\\\/2023\\\/10\\\/30\\\/tar-toscana-sez-ii-30-ottobre-2023-n-986\\\/#breadcrumb\"},\"inLanguage\":\"en-GB\",\"potentialAction\":[{\"@type\":\"ReadAction\",\"target\":[\"https:\\\/\\\/dirittoeconomiacircolare.com\\\/2023\\\/10\\\/30\\\/tar-toscana-sez-ii-30-ottobre-2023-n-986\\\/\"]}]},{\"@type\":\"BreadcrumbList\",\"@id\":\"https:\\\/\\\/dirittoeconomiacircolare.com\\\/2023\\\/10\\\/30\\\/tar-toscana-sez-ii-30-ottobre-2023-n-986\\\/#breadcrumb\",\"itemListElement\":[{\"@type\":\"ListItem\",\"position\":1,\"name\":\"Home\",\"item\":\"https:\\\/\\\/dirittoeconomiacircolare.com\\\/\"},{\"@type\":\"ListItem\",\"position\":2,\"name\":\"TAR Toscana, Sez. II, 30 ottobre 2023, n. 986\"}]},{\"@type\":\"WebSite\",\"@id\":\"https:\\\/\\\/dirittoeconomiacircolare.com\\\/#website\",\"url\":\"https:\\\/\\\/dirittoeconomiacircolare.com\\\/\",\"name\":\"Diritto dell'economia circolare\",\"description\":\"\",\"publisher\":{\"@id\":\"https:\\\/\\\/dirittoeconomiacircolare.com\\\/#organization\"},\"potentialAction\":[{\"@type\":\"SearchAction\",\"target\":{\"@type\":\"EntryPoint\",\"urlTemplate\":\"https:\\\/\\\/dirittoeconomiacircolare.com\\\/?s={search_term_string}\"},\"query-input\":{\"@type\":\"PropertyValueSpecification\",\"valueRequired\":true,\"valueName\":\"search_term_string\"}}],\"inLanguage\":\"en-GB\"},{\"@type\":\"Organization\",\"@id\":\"https:\\\/\\\/dirittoeconomiacircolare.com\\\/#organization\",\"name\":\"Diritto dell'economia circolare\",\"url\":\"https:\\\/\\\/dirittoeconomiacircolare.com\\\/\",\"logo\":{\"@type\":\"ImageObject\",\"inLanguage\":\"en-GB\",\"@id\":\"https:\\\/\\\/dirittoeconomiacircolare.com\\\/#\\\/schema\\\/logo\\\/image\\\/\",\"url\":\"https:\\\/\\\/i0.wp.com\\\/dirittoeconomiacircolare.com\\\/wp-content\\\/uploads\\\/2026\\\/03\\\/cropped-MONO_DipartimentoEconomiaCircolare_COLOR.png?fit=512%2C512&ssl=1\",\"contentUrl\":\"https:\\\/\\\/i0.wp.com\\\/dirittoeconomiacircolare.com\\\/wp-content\\\/uploads\\\/2026\\\/03\\\/cropped-MONO_DipartimentoEconomiaCircolare_COLOR.png?fit=512%2C512&ssl=1\",\"width\":512,\"height\":512,\"caption\":\"Diritto dell'economia circolare\"},\"image\":{\"@id\":\"https:\\\/\\\/dirittoeconomiacircolare.com\\\/#\\\/schema\\\/logo\\\/image\\\/\"}},{\"@type\":\"Person\",\"@id\":\"https:\\\/\\\/dirittoeconomiacircolare.com\\\/#\\\/schema\\\/person\\\/fb872d1f40da2ef8edd7cc0b3c8e615c\",\"name\":\"Lorenzo Ferretti\",\"image\":{\"@type\":\"ImageObject\",\"inLanguage\":\"en-GB\",\"@id\":\"https:\\\/\\\/secure.gravatar.com\\\/avatar\\\/f6b64fa5512fd32d65458106d630ac05fc46c9f04167234394caa92847f66572?s=96&d=identicon&r=g\",\"url\":\"https:\\\/\\\/secure.gravatar.com\\\/avatar\\\/f6b64fa5512fd32d65458106d630ac05fc46c9f04167234394caa92847f66572?s=96&d=identicon&r=g\",\"contentUrl\":\"https:\\\/\\\/secure.gravatar.com\\\/avatar\\\/f6b64fa5512fd32d65458106d630ac05fc46c9f04167234394caa92847f66572?s=96&d=identicon&r=g\",\"caption\":\"Lorenzo Ferretti\"},\"url\":\"https:\\\/\\\/dirittoeconomiacircolare.com\\\/en\\\/author\\\/lorenzoferretti19\\\/\"}]}<\/script>\n<!-- \/ Yoast SEO plugin. -->","yoast_head_json":{"title":"TAR Toscana, Sez. II, 30 ottobre 2023, n. 986 - Diritto dell&#039;economia circolare","robots":{"index":"index","follow":"follow","max-snippet":"max-snippet:-1","max-image-preview":"max-image-preview:large","max-video-preview":"max-video-preview:-1"},"canonical":"https:\/\/dirittoeconomiacircolare.com\/en\/2023\/10\/30\/tar-toscana-sez-ii-30-ottobre-2023-n-986\/","og_locale":"en_GB","og_type":"article","og_title":"TAR Toscana, Sez. II, 30 ottobre 2023, n. 986 - Diritto dell&#039;economia circolare","og_description":"Sulla discrezionalit\u00e0 dell'autorit\u00e0 competente in sede di AIA e sulla fissazione di limiti di emissione in assenza di BAT specifiche.","og_url":"https:\/\/dirittoeconomiacircolare.com\/en\/2023\/10\/30\/tar-toscana-sez-ii-30-ottobre-2023-n-986\/","og_site_name":"Diritto dell&#039;economia circolare","article_published_time":"2023-10-30T15:17:49+00:00","article_modified_time":"2026-04-20T14:20:44+00:00","author":"Lorenzo Ferretti","twitter_card":"summary_large_image","twitter_misc":{"Written by":"Lorenzo Ferretti","Estimated reading time":"2 minutes"},"schema":{"@context":"https:\/\/schema.org","@graph":[{"@type":"Article","@id":"https:\/\/dirittoeconomiacircolare.com\/2023\/10\/30\/tar-toscana-sez-ii-30-ottobre-2023-n-986\/#article","isPartOf":{"@id":"https:\/\/dirittoeconomiacircolare.com\/2023\/10\/30\/tar-toscana-sez-ii-30-ottobre-2023-n-986\/"},"author":{"name":"Lorenzo Ferretti","@id":"https:\/\/dirittoeconomiacircolare.com\/#\/schema\/person\/fb872d1f40da2ef8edd7cc0b3c8e615c"},"headline":"TAR Toscana, Sez. II, 30 ottobre 2023, n. 986","datePublished":"2023-10-30T15:17:49+00:00","dateModified":"2026-04-20T14:20:44+00:00","mainEntityOfPage":{"@id":"https:\/\/dirittoeconomiacircolare.com\/2023\/10\/30\/tar-toscana-sez-ii-30-ottobre-2023-n-986\/"},"wordCount":231,"publisher":{"@id":"https:\/\/dirittoeconomiacircolare.com\/#organization"},"keywords":["2023","Prevenzione"],"articleSection":["Giurisprudenza nazionale","Osservatorio"],"inLanguage":"en-GB"},{"@type":"WebPage","@id":"https:\/\/dirittoeconomiacircolare.com\/2023\/10\/30\/tar-toscana-sez-ii-30-ottobre-2023-n-986\/","url":"https:\/\/dirittoeconomiacircolare.com\/2023\/10\/30\/tar-toscana-sez-ii-30-ottobre-2023-n-986\/","name":"TAR Toscana, Sez. II, 30 ottobre 2023, n. 986 - Diritto dell&#039;economia circolare","isPartOf":{"@id":"https:\/\/dirittoeconomiacircolare.com\/#website"},"datePublished":"2023-10-30T15:17:49+00:00","dateModified":"2026-04-20T14:20:44+00:00","breadcrumb":{"@id":"https:\/\/dirittoeconomiacircolare.com\/2023\/10\/30\/tar-toscana-sez-ii-30-ottobre-2023-n-986\/#breadcrumb"},"inLanguage":"en-GB","potentialAction":[{"@type":"ReadAction","target":["https:\/\/dirittoeconomiacircolare.com\/2023\/10\/30\/tar-toscana-sez-ii-30-ottobre-2023-n-986\/"]}]},{"@type":"BreadcrumbList","@id":"https:\/\/dirittoeconomiacircolare.com\/2023\/10\/30\/tar-toscana-sez-ii-30-ottobre-2023-n-986\/#breadcrumb","itemListElement":[{"@type":"ListItem","position":1,"name":"Home","item":"https:\/\/dirittoeconomiacircolare.com\/"},{"@type":"ListItem","position":2,"name":"TAR Toscana, Sez. II, 30 ottobre 2023, n. 986"}]},{"@type":"WebSite","@id":"https:\/\/dirittoeconomiacircolare.com\/#website","url":"https:\/\/dirittoeconomiacircolare.com\/","name":"Diritto dell'economia circolare","description":"","publisher":{"@id":"https:\/\/dirittoeconomiacircolare.com\/#organization"},"potentialAction":[{"@type":"SearchAction","target":{"@type":"EntryPoint","urlTemplate":"https:\/\/dirittoeconomiacircolare.com\/?s={search_term_string}"},"query-input":{"@type":"PropertyValueSpecification","valueRequired":true,"valueName":"search_term_string"}}],"inLanguage":"en-GB"},{"@type":"Organization","@id":"https:\/\/dirittoeconomiacircolare.com\/#organization","name":"Diritto dell'economia circolare","url":"https:\/\/dirittoeconomiacircolare.com\/","logo":{"@type":"ImageObject","inLanguage":"en-GB","@id":"https:\/\/dirittoeconomiacircolare.com\/#\/schema\/logo\/image\/","url":"https:\/\/i0.wp.com\/dirittoeconomiacircolare.com\/wp-content\/uploads\/2026\/03\/cropped-MONO_DipartimentoEconomiaCircolare_COLOR.png?fit=512%2C512&ssl=1","contentUrl":"https:\/\/i0.wp.com\/dirittoeconomiacircolare.com\/wp-content\/uploads\/2026\/03\/cropped-MONO_DipartimentoEconomiaCircolare_COLOR.png?fit=512%2C512&ssl=1","width":512,"height":512,"caption":"Diritto dell'economia circolare"},"image":{"@id":"https:\/\/dirittoeconomiacircolare.com\/#\/schema\/logo\/image\/"}},{"@type":"Person","@id":"https:\/\/dirittoeconomiacircolare.com\/#\/schema\/person\/fb872d1f40da2ef8edd7cc0b3c8e615c","name":"Lorenzo Ferretti","image":{"@type":"ImageObject","inLanguage":"en-GB","@id":"https:\/\/secure.gravatar.com\/avatar\/f6b64fa5512fd32d65458106d630ac05fc46c9f04167234394caa92847f66572?s=96&d=identicon&r=g","url":"https:\/\/secure.gravatar.com\/avatar\/f6b64fa5512fd32d65458106d630ac05fc46c9f04167234394caa92847f66572?s=96&d=identicon&r=g","contentUrl":"https:\/\/secure.gravatar.com\/avatar\/f6b64fa5512fd32d65458106d630ac05fc46c9f04167234394caa92847f66572?s=96&d=identicon&r=g","caption":"Lorenzo Ferretti"},"url":"https:\/\/dirittoeconomiacircolare.com\/en\/author\/lorenzoferretti19\/"}]}},"jetpack_featured_media_url":"","jetpack_likes_enabled":false,"jetpack_sharing_enabled":false,"jetpack_shortlink":"https:\/\/wp.me\/ph4HEK-Lp","jetpack-related-posts":[{"id":2921,"url":"https:\/\/dirittoeconomiacircolare.com\/en\/2023\/08\/31\/consiglio-di-stato-sez-iv-31-agosto-2023-n-8094\/","url_meta":{"origin":2939,"position":0},"title":"Council of State, Section IV, 31 August 2023, n. 8094","author":"Marco Cappai","date":"31 August, 2023","format":false,"excerpt":"Su modifiche non sostanziali degli impianti, utilizzo di CSS-C e discrezionalit\u00e0 amministrativa nel giudizio di VIA.","rel":"","context":"In &quot;Giurisprudenza nazionale&quot;","block_context":{"text":"Giurisprudenza nazionale","link":"https:\/\/dirittoeconomiacircolare.com\/en\/category\/osservatorio\/giurisprudenza-nazionale\/"},"img":{"alt_text":"","src":"","width":0,"height":0},"classes":[]},{"id":738,"url":"https:\/\/dirittoeconomiacircolare.com\/en\/2024\/04\/23\/a-martini-scienza-norme-ambientali-e-transizione-produttiva-sulla-discrezionalita-del-legislatore-europeo-a-partire-da-una-recente-pronuncia-del-tribunale-dellunione-europea\/","url_meta":{"origin":2939,"position":1},"title":"(2024) A. Martini &#8211; Scienza, norme ambientali e transizione produttiva. Sulla discrezionalit\u00e0 del legislatore europeo a partire da una recente pronuncia del Tribunale dell\u2019Unione Europea","author":"Alessio Martini","date":"23 April, 2024","format":false,"excerpt":"Il Tribunale dell\u2019Unione Europea si \u00e8 pronunciato sulla legittimit\u00e0 del divieto di immissione sul mercato dei prodotti in plastica oxo-degradabile introdotto con la direttiva (UE) 2019\/904. La messa al bando di tali prodotti rientra nel novero delle misure di conformazione in chiave ecologica delle attivit\u00e0 e dei prodotti per sostenere\u2026","rel":"","context":"In &quot;Dottrina&quot;","block_context":{"text":"Dottrina","link":"https:\/\/dirittoeconomiacircolare.com\/en\/category\/osservatorio\/dottrina\/"},"img":{"alt_text":"","src":"","width":0,"height":0},"classes":[]},{"id":2960,"url":"https:\/\/dirittoeconomiacircolare.com\/en\/2023\/03\/31\/tar-emilia-romagna-bologna-sez-i-31-marzo-2023-n-190\/","url_meta":{"origin":2939,"position":2},"title":"TAR Emilia-Romagna, Bologna, Sec. I, March 31, 2023, n. 190","author":"Nicola Granato","date":"31 March, 2023","format":false,"excerpt":"L\u2019astratta circolarit\u00e0 di un flusso di rifiuti eterogeneo non oblitera le prescrizioni che impone il procedimento AIA in materia di salute e tutela ambientale.","rel":"","context":"In &quot;Giurisprudenza nazionale&quot;","block_context":{"text":"Giurisprudenza nazionale","link":"https:\/\/dirittoeconomiacircolare.com\/en\/category\/osservatorio\/giurisprudenza-nazionale\/"},"img":{"alt_text":"","src":"","width":0,"height":0},"classes":[]},{"id":1578,"url":"https:\/\/dirittoeconomiacircolare.com\/en\/2025\/01\/21\/tar-toscana-sez-iv-21-gennaio-2025-n-94\/","url_meta":{"origin":2939,"position":3},"title":"TAR Tuscany, Firenze, Sec. IV, January 21, 2025, n. 94","author":"Lorenzo Ferretti","date":"21 January, 2025","format":false,"excerpt":"Sulla legittimit\u00e0 dei criteri di sostenibilit\u00e0 ed ecodesign nelle gare pubbliche e sui limiti del sindacato sulla discrezionalit\u00e0 tecnica della stazione appaltante.","rel":"","context":"In &quot;Giurisprudenza nazionale&quot;","block_context":{"text":"Giurisprudenza nazionale","link":"https:\/\/dirittoeconomiacircolare.com\/en\/category\/osservatorio\/giurisprudenza-nazionale\/"},"img":{"alt_text":"","src":"","width":0,"height":0},"classes":[]},{"id":413,"url":"https:\/\/dirittoeconomiacircolare.com\/en\/2025\/03\/04\/tar-marche-sez-i-sent-n-146-2025-4-marzo-2025\/","url_meta":{"origin":2939,"position":4},"title":"TAR Marche, Ancona, Sec. I, March 4, 2025, n. 146","author":"Lorenzo Ferretti","date":"4 March, 2025","format":false,"excerpt":"Sulla legittimit\u00e0 delle autorizzazioni per impianti di riciclo organico e sui limiti del sindacato giurisdizionale sulla discrezionalit\u00e0 tecnica dell\u2019amministrazione.","rel":"","context":"In &quot;Giurisprudenza nazionale&quot;","block_context":{"text":"Giurisprudenza nazionale","link":"https:\/\/dirittoeconomiacircolare.com\/en\/category\/osservatorio\/giurisprudenza-nazionale\/"},"img":{"alt_text":"","src":"","width":0,"height":0},"classes":[]},{"id":2897,"url":"https:\/\/dirittoeconomiacircolare.com\/en\/2023\/04\/15\/tar-marche-sez-i-15-aprile-2023-n-238\/","url_meta":{"origin":2939,"position":5},"title":"TAR Marche, Sez. I, April 15, 2023, n. 238","author":"Lorenzo Ferretti","date":"15 April, 2023","format":false,"excerpt":"La realizzazione di impianti per il trattamento dei rifiuti organici pu\u00f2 essere autorizzata con PAUR comprensivo di VIA e AIA se la compatibilit\u00e0 ambientale \u00e8 accertata e le modifiche progettuali non sono sostanziali. Il TAR, confermato dal Consiglio di Stato, ha ritenuto legittimo il procedimento e infondate le censure su\u2026","rel":"","context":"In &quot;Giurisprudenza nazionale&quot;","block_context":{"text":"Giurisprudenza nazionale","link":"https:\/\/dirittoeconomiacircolare.com\/en\/category\/osservatorio\/giurisprudenza-nazionale\/"},"img":{"alt_text":"","src":"","width":0,"height":0},"classes":[]}],"_links":{"self":[{"href":"https:\/\/dirittoeconomiacircolare.com\/en\/wp-json\/wp\/v2\/posts\/2939","targetHints":{"allow":["GET"]}}],"collection":[{"href":"https:\/\/dirittoeconomiacircolare.com\/en\/wp-json\/wp\/v2\/posts"}],"about":[{"href":"https:\/\/dirittoeconomiacircolare.com\/en\/wp-json\/wp\/v2\/types\/post"}],"author":[{"embeddable":true,"href":"https:\/\/dirittoeconomiacircolare.com\/en\/wp-json\/wp\/v2\/users\/276880108"}],"replies":[{"embeddable":true,"href":"https:\/\/dirittoeconomiacircolare.com\/en\/wp-json\/wp\/v2\/comments?post=2939"}],"version-history":[{"count":1,"href":"https:\/\/dirittoeconomiacircolare.com\/en\/wp-json\/wp\/v2\/posts\/2939\/revisions"}],"predecessor-version":[{"id":2940,"href":"https:\/\/dirittoeconomiacircolare.com\/en\/wp-json\/wp\/v2\/posts\/2939\/revisions\/2940"}],"wp:attachment":[{"href":"https:\/\/dirittoeconomiacircolare.com\/en\/wp-json\/wp\/v2\/media?parent=2939"}],"wp:term":[{"taxonomy":"category","embeddable":true,"href":"https:\/\/dirittoeconomiacircolare.com\/en\/wp-json\/wp\/v2\/categories?post=2939"},{"taxonomy":"post_tag","embeddable":true,"href":"https:\/\/dirittoeconomiacircolare.com\/en\/wp-json\/wp\/v2\/tags?post=2939"}],"curies":[{"name":"wp","href":"https:\/\/api.w.org\/{rel}","templated":true}]}}